{"id":6216,"date":"2025-03-08T19:44:54","date_gmt":"2025-03-08T18:44:54","guid":{"rendered":"https:\/\/www.blogaroundsound.de\/?p=6216"},"modified":"2025-03-09T12:34:24","modified_gmt":"2025-03-09T11:34:24","slug":"ois-is-blues-wie-man-mit-musik-an-der-brandmauer-baut","status":"publish","type":"post","link":"https:\/\/www.blogaroundsound.de\/?p=6216","title":{"rendered":"Ois is Blues \u2013 wie man mit Musik an der Brandmauer baut"},"content":{"rendered":"\n<p class=\"has-drop-cap\">Willy Michl, seines Zeichens M\u00fcnchner Musik-Original und <em>Isarindianer<\/em> (da zu seiner B\u00fchnenpersona entsprechender Feder-Kopfschmuck geh\u00f6rt), hat schon mit einem Albumtitel von 1979 wissen lassen: <em>Ois is Blues<\/em>.<\/p>\n\n\n\n<!--more-->\n\n\n\n<p>Ich, seit 1983 Wahl-Bayer, und der Google-\u00dcbersetzer Bayerisch &lt;&gt; Deutsch sind sich einig: In hiesiger Amtssprache bedeutet das &#8220;Alles ist Blues&#8221;.<\/p>\n\n\n\n<p>Damit hat Willy Michl fraglos Recht. Sowohl musikhistorisch als auch, was den Zustand der Welt betrifft \u2013 2025 mehr denn je.<\/p>\n\n\n\n<p class=\"has-drop-cap\">Blues ist eine Art popmusikalischer Ur-Vater. Seine DNA findet sich in all seinen Kindern, naturgem\u00e4\u00df am meisten davon in der ersten Generation, dem Jazz.<\/p>\n\n\n\n<p>Dessen Grundvoraussetzungen sind der Wille und die F\u00e4higkeit, seine Gef\u00fchle nach au\u00dfen zu tragen. Das ist nicht jedermanns Sache. Auch nicht jedefraus. (Eigentlich wollte ich damit einen dieser lahmen Boomer-Gender-Gags landen, aber die Wendung \u201ejedefraus\u201c gibt es mittlerweile wirklich, ich habe es gegoogelt. Also bitte auf keinen Fall lachen.)<\/p>\n\n\n\n<p>Wer mit jeder Interpretation oder Improvisation potenziell Neuland betreten will, sollte keine Angst haben (vor Fehlern, den Mitmusikern, dem Publikum\u2026), sondern mutig und vertrauensvoll die Kontrolle abgeben. Erst wer dazu bereit und somit befreit ist, kann auf rhythmischer und tonaler Ebene kreativ werden, hat die M\u00f6glichkeit &#8220;die Welle zu reiten&#8221; und damit eine Chance auf <em>Flow<\/em>. <\/p>\n\n\n\n<p>Dabei geht es nicht um kalte Perfektion, egoistische Selbstdarstellung, eine Zirkusdarbietung, Athletik oder makellose, aber entseelte Sch\u00f6nheit, sondern um <em>pers\u00f6nlichen Ausdruck<\/em>! Etwas, das im Instagram- und YouTube-Shorts-Zeitalter leider einen zunehmend schweren Stand hat.<\/p>\n\n\n\n<p>Scheps ist sch\u00f6n!<\/p>\n\n\n\n<p>Na gut, unter Umst\u00e4nden\u2026 (die zum Beispiel Blue Notes oder Tom Waits hei\u00dfen).<\/p>\n\n\n\n<p class=\"has-drop-cap\">Scheps hei\u00dft schr\u00e4g und die letzten Monate und Wochen habe ich aus pers\u00f6nlichen, k\u00fcnstlerischen sowie bundes- und weltpolitischen Gr\u00fcnden als <em>\u00e4u\u00dferst<\/em> schr\u00e4g empfunden. <\/p>\n\n\n\n<p>Hier zwei willk\u00fcrlich gew\u00e4hlte Momente auf meiner Achterbahnfahrt der Gef\u00fchle:<\/p>\n\n\n\n<p>\ud83d\ude00 Juhuu, wir proben mit meiner Band Colorbox und werden nach einem Warm-up-Konzert ein neues Album mit meinen St\u00fccken aufnehmen!<br>\ud83d\ude0f Ach so, doch nicht. Ist aus gesundheitlichen und privaten Gr\u00fcnden bei einem Bandmitglied auf unbestimmt verschoben\u2026<\/p>\n\n\n\n<p>\ud83d\ude0e Cool, die smarte Kamala Harris l\u00f6st Joe Biden als Pr\u00e4sidentschafts-Kanditatin ab, da ist ja wohl klar, dass Trump einpacken kann. <br>\ud83e\udd73 Der amtierende U.S.-K\u00f6nig, \u00e4h, \u201ePr\u00e4sident\u201c hei\u00dft Donald J. Trump, ein rechtskr\u00e4ftig verurteilter Krimineller und L\u00fcgner mit narzisstischer Pers\u00f6nlichkeitsst\u00f6rung und nicht nur einem zumindest fragw\u00fcrdigen Haarschnitt, sondern auch Frauen-, Menschen- und Weltbild! Ihr wisst, was er in den ersten Wochen seiner Amtszeit bereits alles kaputt gemacht hat. Ich wei\u00df es auch. Man kann ihm nur w\u00fcnschen, dass er eine gute Berufshaftpflicht-Versicherung hat. Hiermit ist der Absatz beendet.<\/p>\n\n\n\n<p class=\"has-drop-cap\">Auch die Ereignisse in Deutschland wirkten nicht gerade Blutdruck senkend (in meinem Alter ist das eine Kategorie). Als Spitze des Eisbergs fallen mir spontan ein:<\/p>\n\n\n\n<ul class=\"wp-block-list\">\n<li>Der Aufstand der Polit-Zwerge: Die FDP, Christian Lindner und das \u201eD-Day\u201c-Papier<\/li>\n\n\n\n<li>Ampel-Chaos und Neuwahlen<\/li>\n\n\n\n<li>Das &#8220;Zustrombegrenzungsgesetz&#8221;. Was f\u00fcr ein Wort! Nach dem ersten Schauder muss ich aber auch schmunzeln, denn es klingt wie aus einer lautmalerischen Monty Python \/ John Cleese-Parodie der deutschen Sprache<\/li>\n\n\n\n<li>Die \u201eBrandmauer\u201c gegen die AFD und das Verhalten von Friederich Merz, der da \u2013 genialer Merz-Move! \u2013 mal eben mit dem Feuerwehr-A-Schlauch draufgehalten hat. <\/li>\n\n\n\n<li>Eine von Menschen mit Migrationshintergrund ver\u00fcbte Anschlagsserie (Magdeburg, Aschaffenburg, M\u00fcnchen), ausgerechnet in den letzten Wochen vor der Wahl!<\/li>\n<\/ul>\n\n\n\n<p class=\"has-drop-cap\">Jetzt, kurz danach, ist mir immer noch ein wenig schwummerig. Einerseits vom \u2013 erwartbaren und vorausgesagten \u2013 Ergebnis, aber auch von all den Statistiken, Balkendiagrammen, Grafiken, die vorher, w\u00e4hrend und danach auf uns niederprasselten.<\/p>\n\n\n\n<p>Eine Info hat mir dabei allerdings gefehlt: Mich h\u00e4tte interessiert, wie z. B. die AFD (aber auch jede andere Partei) bei K\u00fcnstlerinnen und K\u00fcnstlern abgeschnitten hat. Bei Musikern, Bildhauerinnen, Malern, Schriftstellerinnen, Fotografen\u2026 Dazu habe ich leider kein Tortendiagramm gefunden. Falls ich jemals an diese Informationen komme, backe ich mir selber eins.<\/p>\n\n\n\n<p>Nein, Kunstschaffende sind nicht automatisch bessere Menschen, daf\u00fcr gibt es gen\u00fcgend traurige Beispiele, vielleicht kennst du selber welche (also au\u00dfer mir jetzt). Aber ich behaupte, sie machen Erfahrungen, die dem Welt- und Menschenbild, das der Politik rechter Parteien und der Geisteshaltung ihres Personals zugrunde liegt, diametral entgegenstehen.<\/p>\n\n\n\n<p class=\"has-drop-cap\">Lass uns ein Gedankenexperiment machen: Stell dir vor, unser Gesellschaftssystem, gerne auch das Zusammenleben aller Menschen, w\u00fcrde sich am Ideal einer Jazzband-Performance orientieren:<\/p>\n\n\n\n<ul class=\"wp-block-list\">\n<li>Jeder Einzelne ist gleich wichtig.<\/li>\n\n\n\n<li>Mal trittst du und dein Beitrag prominent hervor, mal unterst\u00fctzt du nach besten Kr\u00e4ften.<\/li>\n\n\n\n<li>Du h\u00f6rst allen anderen permanent aufmerksam und unvoreingenommen zu, bevor du angemessen reagierst.<\/li>\n\n\n\n<li>Kein Platz f\u00fcr Ego-Shooter. Weil alle immer das gro\u00dfe Ganze im Auge (bzw. Ohr ;)) behalten, versucht jeder, den anderen gut dastehen (klingen) zu lassen.<\/li>\n\n\n\n<li>Man hilft sich gegenseitig: Die Schlagzeugerin mit einem Fill-In dem S\u00e4nger, den Wiedereinstieg ins Thema zu finden und der Gitarrist dem Keyboarder nach dem f\u00fcnften <em>Zombie<\/em> an der Bar, sein Hotelzimmer zu finden.<\/li>\n\n\n\n<li>Hautfarbe, Herkunft, soziale Schicht? Sind kein Kriterium.<\/li>\n\n\n\n<li>Die Mischung unterschiedlicher Stile sowie musikalischer Traditionen wird grunds\u00e4tzlich als spannend und interessant angesehen, auf jeden Fall ist sie einen Versuch wert und wird als Chance (statt als Bedrohung) wahrgenommen. Das Fremde befremdet nicht.<\/li>\n<\/ul>\n\n\n\n<p>Wie klingt das f\u00fcr dich? Nicht gerade wie das Wahlprogramm der AFD, oder? Wobei, was im Wahlprogramm der AFD \u00fcber <em>Zombies<\/em> und andere Cocktails steht, wei\u00df ich jetzt nicht, so weit bin ich da nicht vorgedrungen und im Wahl-O-Mat gab es auch keine diesbez\u00fcgliche Frage\u2026<\/p>\n\n\n\n<p class=\"has-drop-cap\">Alles, was ich als Musiker wei\u00df: Musizierend verbringen wir eine gnadenvolle Zeit, in der wir (und unsere Zuh\u00f6rer!) miteinander und zus\u00e4tzlich mit etwas Gr\u00f6\u00dferem, in jeder Hinsicht &#8220;Unfassbarem&#8221; verbunden sind, genre\u00fcbergreifend und jenseits aller stilistischer Grenzen. Musik machen oder ihr im Publikum zu lauschen ist das Gegenteil von Trennung, ein (nicht verschreibungspflichtiges!) Heilmittel. Gegen das permanente Denken, den Irrsinn, die L\u00fcgen, die Selbstzweifel, das In-die-Welt-geworfen-Sein. Was mich betrifft, unter optimalen Bedingungen sogar gegen den leeren K\u00fchlschrank.<\/p>\n\n\n\n<p>Sicher, auch Leute die Rechtsrock machen und Nazisongs br\u00fcllen, f\u00fchlen gemeinsam mit ihrem Publikum Verbundenheit mit etwas &#8220;Gr\u00f6\u00dferem&#8221;. Zum Beispiel ihrer vermeintlichen rassischen \u00dcberlegenheit oder dem \u201eGr\u00f6FaZ\u201c, dem &#8220;Gr\u00f6\u00dften Feldherrn aller Zeiten&#8221; (du wei\u00dft schon, der kleine Braune aus Braunau, Braunaus Brownest, den wir trotzdem fast nur in Schwarz-Wei\u00df kennen, grisselig und gruselig). Simple Gem\u00fcter, denen die Welt ein paar mal zu oft gespiegelt hat, dass sie unzureichend und nicht weiter wichtig sind, greifen zu, wenn man ihnen vermeintliche einfache L\u00f6sungen f\u00fcr ihre Misere anbietet, in denen aber bitte auf keinen Fall sie selbst, sondern immer Andere das Problem sind.<\/p>\n\n\n\n<p>Die Verbundenheit, die ich meine ist freilich von einem anderen Schlag. Vor allem ist sie nicht erb\u00e4rmlich, Menschen verachtend und gef\u00e4hrlich.<\/p>\n\n\n\n<p class=\"has-drop-cap\">Ich bin sicher, es w\u00fcrde der Welt guttun, wenn mehr Menschen die Chance h\u00e4tten, positive Erfahrungen bei T\u00e4tigkeiten zu sammeln, bei denen\u2026 <\/p>\n\n\n\n<ul class=\"wp-block-list\">\n<li>es keine Abk\u00fcrzungen gibt<\/li>\n\n\n\n<li>nicht <em>H\u00f6her-Schneller-Weiter<\/em> das Ma\u00df aller Dinge ist<\/li>\n\n\n\n<li><em>Ich<\/em> <em>gegen Dich<\/em> keinen Sinn macht<\/li>\n\n\n\n<li>es kein <em>Ihr<\/em> gibt, auf das permanent mit dem Finger gezeigt wird<\/li>\n\n\n\n<li>das <em>Wir<\/em> eines ist, das <em>alle<\/em> einbezieht, anstatt implizit alle Andersartigen auszuschlie\u00dfen<\/li>\n<\/ul>\n\n\n\n<p>Und so gibt es dort schon gar nicht das dumpfbayerische, ins halbleere (niemals halbvolle!) Wei\u00dfbierglas gegrantelte &#8220;Mia san Mia&#8221; (Bayerisch &lt;&gt; Deutsch: &#8220;Wir sind Wir&#8221;). Tut mir leid, dass es euch ausgerechnet ein zugereister Hanseat sagen muss, aber diese Geisteshaltung ist exakt das, was die Welt anno 2025 <em>nicht<\/em> braucht, ein Armutszeugnis und an Borniertheit schwer zu toppen.<\/p>\n\n\n\n<p>Wahrscheinlich unterschreibt Markus S\u00f6der als regelm\u00e4\u00dfiger Leser von <em>Blog around Sound <\/em>gerade das Dekret, das meine Remigration in die Freie und Hansestadt Bremen verf\u00fcgt. Obwohl es gut sein kann, dass das f\u00fcr ihn nach dem neuerlichen SPD-Sieg bei der dortigen B\u00fcrgerschaftswahl kein sicheres Herkunftsland ist\u2026<\/p>\n\n\n\n<p class=\"has-drop-cap\">Was Markus und das CSU-Politpersonal aber auf jeden Fall unterschreiben, ist eine Zusammenlegung (also de facto K\u00fcrzung) ausgerechnet der kreativen F\u00e4cher Kunst und Musik (!) zugunsten von Mathematik und Deutsch in der Grundschule! Denn letztere sind pisa-relevant, und deutsche Sch\u00fclerinnen und Sch\u00fcler schneiden in diesem <em>Eurovision Wrong Contest<\/em> traditionell eher grottig ab.<\/p>\n\n\n\n<p>Auf gar keinen Fall hingegen darf in Bayern das Fach Religion angetastet werden. Mal ein konstruktiver Vorschlag: Wie w\u00e4re es statt dessen mit einem Fach &#8220;Spiritualit\u00e4t&#8221;? Darin k\u00f6nnten Grundsch\u00fclerinnen und Grundsch\u00fcler die verschiedenen Religionen der Welt in Grundz\u00fcgen kennen lernen. Was sie unterscheidet, aber vor allem, was sie verbindet. Denn ihr <em>gemeinsamer Kern <\/em>ist doch, dass wir uns die Existenz der Welt nicht erkl\u00e4ren k\u00f6nnen, aber sp\u00fcren, dass es etwas Gr\u00f6\u00dferes hinter den Dingen gibt (das nicht Markus S\u00f6der hei\u00dft). Ich bin sicher, das kann man so aufbereiten, dass es auch Sechs- bis Zehnj\u00e4hrige verstehen.<\/p>\n\n\n\n<p><em>Erfahren<\/em> k\u00f6nnten sie es durch Kunst und Musik!<\/p>\n\n\n\n<p>Tja.<\/p>\n\n\n\n<p class=\"has-drop-cap\">Schade, dass in der Pisa-Studie nirgends soziale Kompetenz, Kreativit\u00e4t und Empathief\u00e4higkeit eine Rolle spielen. Sie sollten es, dort, in der Welt und vor allem bei politischen Entscheidungstr\u00e4gern! Ich habe den Eindruck, davon sind wir im Moment so weit entfernt wie noch nie in meinem Leben (*1963).<\/p>\n\n\n\n<p>Oje, das ist kein sch\u00f6nes Ende f\u00fcr einen Blogartikel. Deshalb lasset uns mit einem Gebet schlie\u00dfen:<\/p>\n\n\n\n<p><em>Mit Blues hat es angefangen, Blues ist jetzt und immerdar und von Ewigkeit zu Ewigkeit.<\/em><\/p>\n\n\n\n<p><em>Amen.<\/em><\/p>\n\n\n\n<p><\/p>\n","protected":false},"excerpt":{"rendered":"<p>Willy Michl, seines Zeichens M\u00fcnchner Musik-Original und Isarindianer (da zu seiner B\u00fchnenpersona entsprechender Feder-Kopfschmuck geh\u00f6rt), hat schon mit einem Albumtitel von 1979 wissen lassen: Ois is Blues.<\/p>\n","protected":false},"author":1,"featured_media":6247,"comment_status":"open","ping_status":"open","sticky":true,"template":"","format":"standard","meta":{"ngg_post_thumbnail":0,"jetpack_post_was_ever_published":false,"_jetpack_newsletter_access":"","_jetpack_dont_email_post_to_subs":false,"_jetpack_newsletter_tier_id":0,"_jetpack_memberships_contains_paywalled_content":false,"_jetpack_memberships_contains_paid_content":false,"footnotes":"","jetpack_publicize_message":"Mein neuer Artikel auf blogaroundsound.de\nist ab sofort online.\n\n","jetpack_publicize_feature_enabled":true,"jetpack_social_post_already_shared":false,"jetpack_social_options":{"image_generator_settings":{"template":"highway","enabled":false},"version":2}},"categories":[6],"tags":[],"class_list":["post-6216","post","type-post","status-publish","format-standard","has-post-thumbnail","hentry","category-blogartikel"],"jetpack_publicize_connections":[],"jetpack_featured_media_url":"https:\/\/i0.wp.com\/www.blogaroundsound.de\/wp-content\/uploads\/2025\/03\/Gebet-Blogartikel-big.jpeg?fit=1600%2C1200&ssl=1","jetpack_shortlink":"https:\/\/wp.me\/p4Fngw-1Cg","jetpack_sharing_enabled":true,"jetpack_likes_enabled":true,"_links":{"self":[{"href":"https:\/\/www.blogaroundsound.de\/index.php?rest_route=\/wp\/v2\/posts\/6216","targetHints":{"allow":["GET"]}}],"collection":[{"href":"https:\/\/www.blogaroundsound.de\/index.php?rest_route=\/wp\/v2\/posts"}],"about":[{"href":"https:\/\/www.blogaroundsound.de\/index.php?rest_route=\/wp\/v2\/types\/post"}],"author":[{"embeddable":true,"href":"https:\/\/www.blogaroundsound.de\/index.php?rest_route=\/wp\/v2\/users\/1"}],"replies":[{"embeddable":true,"href":"https:\/\/www.blogaroundsound.de\/index.php?rest_route=%2Fwp%2Fv2%2Fcomments&post=6216"}],"version-history":[{"count":59,"href":"https:\/\/www.blogaroundsound.de\/index.php?rest_route=\/wp\/v2\/posts\/6216\/revisions"}],"predecessor-version":[{"id":6282,"href":"https:\/\/www.blogaroundsound.de\/index.php?rest_route=\/wp\/v2\/posts\/6216\/revisions\/6282"}],"wp:featuredmedia":[{"embeddable":true,"href":"https:\/\/www.blogaroundsound.de\/index.php?rest_route=\/wp\/v2\/media\/6247"}],"wp:attachment":[{"href":"https:\/\/www.blogaroundsound.de\/index.php?rest_route=%2Fwp%2Fv2%2Fmedia&parent=6216"}],"wp:term":[{"taxonomy":"category","embeddable":true,"href":"https:\/\/www.blogaroundsound.de\/index.php?rest_route=%2Fwp%2Fv2%2Fcategories&post=6216"},{"taxonomy":"post_tag","embeddable":true,"href":"https:\/\/www.blogaroundsound.de\/index.php?rest_route=%2Fwp%2Fv2%2Ftags&post=6216"}],"curies":[{"name":"wp","href":"https:\/\/api.w.org\/{rel}","templated":true}]}}