{"id":6487,"date":"2025-07-16T21:56:39","date_gmt":"2025-07-16T19:56:39","guid":{"rendered":"https:\/\/www.blogaroundsound.de\/?p=6487"},"modified":"2025-07-17T00:39:19","modified_gmt":"2025-07-16T22:39:19","slug":"meine-gedanken-zum-tod-von-max-neissendorfer","status":"publish","type":"post","link":"https:\/\/www.blogaroundsound.de\/?p=6487","title":{"rendered":"Meine Gedanken zum Tod von Max Nei\u00dfendorfer"},"content":{"rendered":"\n<p>Es ist alles ein bisschen viel gerade, im Sommer 2025 kurz vor den Ferien.<\/p>\n\n\n\n<p>Krankheit, Abschied, Tod und Verg\u00e4nglichkeit geh\u00f6ren zur Welt, sicher.<\/p>\n\n\n\n<p>Aber zur Zeit balgen sie sich im Familien-, Freundes- und Kollegenkreis um die Pole Position, das gef\u00e4llt mir nicht und macht mich traurig.<\/p>\n\n\n\n<p>Am letzten Wochenende ist nun auch noch mein Kollege, Lehrer und Weggef\u00e4hrte Max Nei\u00dfendorfer gestorben.<\/p>\n\n\n\n<!--more-->\n\n\n\n<p>Wir kannten uns schon sehr lange, und es kam f\u00fcr mich v\u00f6llig \u00fcberraschend.&nbsp;<\/p>\n\n\n\n<p>Er hat mich an der Jazzschool unterrichtet, als ich 19 und ein (nicht nur) musikalischer Gr\u00fcnschnabel war. Jazzblues, II V I-Verbindungen, Drop 2-Voicings und Repertoire standen da erstmal auf dem Lehrplan.<\/p>\n\n\n\n<p>Man vergisst diejenigen nicht, die die Grundlagen f\u00fcr die eigene Pers\u00f6nlichkeit legen. Ganz sicher vergesse ich meine Eltern nicht. Dass sich meine <em>musikalische<\/em> Pers\u00f6nlichkeit entwickeln konnte, habe ich zu einem wichtigen und grundlegenden Teil Max zu verdanken.<\/p>\n\n\n\n<p>Danke, Mann!<\/p>\n\n\n\n<p>Max hat immer gesagt, ich sei in jenen Jahren von all seinen Sch\u00fclern der einzige gewesen, der <strong>immer<\/strong> vorbereitet zum Unterricht gekommen ist und die kompletten Hausaufgaben am Start hatte.&nbsp;<\/p>\n\n\n\n<p>Oje, also war ich wohl ein arger Streber.<\/p>\n\n\n\n<p>Oder sagen wir \u201eNerd\u201c, das klingt hipper und sympathischer.<\/p>\n\n\n\n<p>Nat\u00fcrlich kommt mir in dieser Hinsicht mein diszipliniertes norddeutsches Arbeitsethos zugute ;)), \u201eon Top\u201c war ich schlicht begeistert und wollte dieses Musik-Ding unbedingt und mit Haut und Haaren (woran sich zum Gl\u00fcck nichts ge\u00e4ndert hat).&nbsp;<\/p>\n\n\n\n<p>Das hat Max erkannt und mich mit den richtigen Inhalten gef\u00fcttert.<\/p>\n\n\n\n<p>Meine Abschlusspr\u00fcfung an der Jazzschool war dann am 9. Dezember 1985, meinem Geburtstag. Danach hat er mich beim gemeinsamen Essen gefragt, ob ich nicht Lust h\u00e4tte, ihn an der Schule zu vertreten, wenn er durch Gigs oder Tourneen verhindert sei.<\/p>\n\n\n\n<p>Na klar wollte ich! Gebauchpinselt und ein wenig stolz habe ich begeistert zugesagt \u2013 was f\u00fcr eine Ehre (und au\u00dferdem ein tolles Geburtstagsgeschenk).<\/p>\n\n\n\n<p>Ich war jetzt also 22 und irgendwie \u201eoffiziell\u201c Musiker, nicht zu fassen. Ich spielte seit einiger Zeit Fusion Jazz und brasilianische Musik in \u201eProfi\u201c-Bands mit guten Leuten, an denen ich wachsen konnte.<\/p>\n\n\n\n<p>Kein Zweifel, es ging los\u2026<\/p>\n\n\n\n<p>Max ist es somit zu verdanken, dass die Verbindung zur Jazzschool nach meinem Abschluss nicht abgerissen ist.<\/p>\n\n\n\n<p>Heute, Jahrzehnte sp\u00e4ter und als Lehrer \/ Dozent an der Jazzschool und ihrer BFS wei\u00df ich das sehr zu sch\u00e4tzen.<\/p>\n\n\n\n<p>Gerade sehe und h\u00f6re ich uns in Raum 8 in einer Pr\u00fcfungspause gemeinsam lachen. Was hei\u00dft lachen, mit Max konnte ich mich regelrecht be\u00f6mmeln, denn wir hatten beide einen ausgepr\u00e4gten Sinn f\u00fcr comichaften Humor, und er konnte hervorragend Witze erz\u00e4hlen (im Gegensatz zu mir, der sich nie an sie erinnern kann\u2026).<\/p>\n\n\n\n<p>Dann war er v\u00f6llig befreit, eine 14-j\u00e4hrige Knallt\u00fcten-Seele im K\u00f6rper eines gereiften Mannes \u2013 gro\u00dfartig, so wie ich, genau mein Ding.&nbsp;<\/p>\n\n\n\n<p>Ich konnte mich manchmal aber auch \u00fcber ihn und seine Schroffheit \u00e4rgern, wenn sein Ego mit ihm durchging und Kommentare zu Menschen und Dingen einen leicht \u00e4tzenden Einschlag bekamen. Oder die Begr\u00fc\u00dfung am Telefon wegrationalisiert wurde, so dass er und sein Anliegen mit der T\u00fcr gleich ins Haus fielen. Einmal haben wir uns gestritten, aber danach ist <em>er<\/em> zu <em>mir<\/em> gekommen, um die Dinge wieder ins Lot zu bringen, das hatte Gr\u00f6\u00dfe!<\/p>\n\n\n\n<p>Als Zuh\u00f6rer oder Mitspieler habe ich vor allem seinen virtuosen, kreativen, mega-pr\u00e4senten und humorvollen Scat-Stil bewundert. Im vergangenen Jahr hatte ich das Vergn\u00fcgen bei zwei Konzerten, die er als S\u00e4nger gegeben hat, am Klavier zu sitzen. Dabei war er in seiner Stilrichtung selbst ein mit allen Wassern gewaschener Jazzpianist.<\/p>\n\n\n\n<p>Auch hat Max mir manchmal Gigs vermittelt, die er nicht wahrnehmen konnte oder wollte. Gerade vor einigen Wochen habe ich aus diesem Anlass eine alte Audioaufnahme geh\u00f6rt, auf der er mich coacht, damit ich ihn bei einer musikalischen Lesung (von \u201eDer alte Mann und das Meer\u201c mit dem Schauspieler Friederich von Thun) vertreten kann. Er tut dies in aller Ruhe, zugewandt, entspannt, auf Augenh\u00f6he; er vertraut mir, das tat und tut gut.&nbsp;<\/p>\n\n\n\n<p>Diese Aufnahme werde ich sehr gut aufbewahren.&nbsp;<\/p>\n\n\n\n<p>Sie ist in der Cloud gespeichert, und irgendwo auf einer Wolke sitzt jetzt wahrscheinlich auch du, Max, zusammen mit deinen gro\u00dfen Heros Oscar Peterson und Mulgrew Miller am Klavier, und ihr zeigt euch gegenseitig coole Licks und freut euch, dass ihr keine Steuererkl\u00e4rung mehr machen m\u00fcsst.&nbsp;<\/p>\n\n\n\n<p>Meine Gedanken und mein Gedenken an dich sind nicht wolkig oder nebul\u00f6s. Du hast einen sehr konkreten Platz in meiner Erinnerung und, auch wenn das jetzt schnulzig klingt, in meinem Herzen.&nbsp;<\/p>\n\n\n\n<p>Geigen, jetzt!<\/p>\n\n\n\n<p>Sch\u00f6n, dass du da warst, Max.&nbsp;<\/p>\n\n\n<div class=\"wp-block-image\">\n<figure class=\"aligncenter size-full\"><a href=\"https:\/\/i0.wp.com\/www.blogaroundsound.de\/wp-content\/uploads\/2025\/07\/Volker-Giesek-Max-Neissendorfer-600x400-1.jpg?ssl=1\"><img data-recalc-dims=\"1\" loading=\"lazy\" decoding=\"async\" width=\"600\" height=\"400\" data-attachment-id=\"6495\" data-permalink=\"https:\/\/www.blogaroundsound.de\/?attachment_id=6495\" data-orig-file=\"https:\/\/i0.wp.com\/www.blogaroundsound.de\/wp-content\/uploads\/2025\/07\/Volker-Giesek-Max-Neissendorfer-600x400-1.jpg?fit=600%2C400&amp;ssl=1\" data-orig-size=\"600,400\" data-comments-opened=\"1\" data-image-meta=\"{&quot;aperture&quot;:&quot;0&quot;,&quot;credit&quot;:&quot;&quot;,&quot;camera&quot;:&quot;&quot;,&quot;caption&quot;:&quot;&quot;,&quot;created_timestamp&quot;:&quot;0&quot;,&quot;copyright&quot;:&quot;&quot;,&quot;focal_length&quot;:&quot;0&quot;,&quot;iso&quot;:&quot;0&quot;,&quot;shutter_speed&quot;:&quot;0&quot;,&quot;title&quot;:&quot;&quot;,&quot;orientation&quot;:&quot;0&quot;}\" data-image-title=\"Volker-Giesek-Max-Neissendorfer-600&amp;#215;400\" data-image-description=\"\" data-image-caption=\"\" data-large-file=\"https:\/\/i0.wp.com\/www.blogaroundsound.de\/wp-content\/uploads\/2025\/07\/Volker-Giesek-Max-Neissendorfer-600x400-1.jpg?fit=600%2C400&amp;ssl=1\" src=\"https:\/\/i0.wp.com\/www.blogaroundsound.de\/wp-content\/uploads\/2025\/07\/Volker-Giesek-Max-Neissendorfer-600x400-1.jpg?resize=600%2C400&#038;ssl=1\" alt=\"\" class=\"wp-image-6495\" srcset=\"https:\/\/i0.wp.com\/www.blogaroundsound.de\/wp-content\/uploads\/2025\/07\/Volker-Giesek-Max-Neissendorfer-600x400-1.jpg?w=600&amp;ssl=1 600w, https:\/\/i0.wp.com\/www.blogaroundsound.de\/wp-content\/uploads\/2025\/07\/Volker-Giesek-Max-Neissendorfer-600x400-1.jpg?resize=300%2C200&amp;ssl=1 300w, https:\/\/i0.wp.com\/www.blogaroundsound.de\/wp-content\/uploads\/2025\/07\/Volker-Giesek-Max-Neissendorfer-600x400-1.jpg?resize=534%2C356&amp;ssl=1 534w, https:\/\/i0.wp.com\/www.blogaroundsound.de\/wp-content\/uploads\/2025\/07\/Volker-Giesek-Max-Neissendorfer-600x400-1.jpg?resize=344%2C229&amp;ssl=1 344w\" sizes=\"auto, (max-width: 600px) 100vw, 600px\" \/><\/a><\/figure>\n<\/div>\n\n\n<hr class=\"wp-block-separator has-alpha-channel-opacity\"\/>\n\n\n\n<figure class=\"wp-block-embed is-type-video is-provider-youtube wp-block-embed-youtube wp-embed-aspect-16-9 wp-has-aspect-ratio\"><div class=\"wp-block-embed__wrapper\">\n<span class=\"embed-youtube\" style=\"text-align:center; display: block;\"><iframe loading=\"lazy\" class=\"youtube-player\" width=\"1100\" height=\"619\" src=\"https:\/\/www.youtube.com\/embed\/YqQ7H_AapXk?version=3&#038;rel=1&#038;showsearch=0&#038;showinfo=1&#038;iv_load_policy=1&#038;fs=1&#038;hl=de-DE&#038;autohide=2&#038;wmode=transparent\" allowfullscreen=\"true\" style=\"border:0;\" sandbox=\"allow-scripts allow-same-origin allow-popups allow-presentation allow-popups-to-escape-sandbox\"><\/iframe><\/span>\n<\/div><figcaption class=\"wp-element-caption\">Max Nei\u00dfendorfer: voc | Barbara Mayr: voc | Franz-David Baumann: tp | Stefan Schreiber: ts | Carsten Gnettner: b | Stephan Eppinger: dr | Volker Giesek: p<\/figcaption><\/figure>\n\n\n\n<p><\/p>\n","protected":false},"excerpt":{"rendered":"<p>Es ist alles ein bisschen viel gerade, im Sommer 2025 kurz vor den Ferien. Krankheit, Abschied, Tod und Verg\u00e4nglichkeit geh\u00f6ren zur Welt, sicher. Aber zur Zeit balgen sie sich im Familien-, Freundes- und Kollegenkreis um die Pole Position, das gef\u00e4llt mir nicht und macht mich traurig. Am letzten Wochenende ist nun auch noch mein Kollege, Lehrer und Weggef\u00e4hrte Max Nei\u00dfendorfer gestorben.<\/p>\n","protected":false},"author":1,"featured_media":6497,"comment_status":"open","ping_status":"open","sticky":true,"template":"","format":"standard","meta":{"ngg_post_thumbnail":0,"jetpack_post_was_ever_published":false,"_jetpack_newsletter_access":"","_jetpack_dont_email_post_to_subs":false,"_jetpack_newsletter_tier_id":0,"_jetpack_memberships_contains_paywalled_content":false,"_jetpack_memberships_contains_paid_content":false,"footnotes":"","jetpack_publicize_message":"Am letzten Wochenende ist v\u00f6llig \u00fcberraschend mein Kollege, Lehrer und Weggef\u00e4hrte Max Nei\u00dfendorfer gestorben.\nMeine Gedanken dazu habe ich auf www.blogaroundsound.de aufgeschrieben.","jetpack_publicize_feature_enabled":true,"jetpack_social_post_already_shared":false,"jetpack_social_options":{"image_generator_settings":{"template":"highway","default_image_id":0,"enabled":false},"version":2}},"categories":[6],"tags":[],"class_list":["post-6487","post","type-post","status-publish","format-standard","has-post-thumbnail","hentry","category-blogartikel"],"jetpack_publicize_connections":[],"jetpack_featured_media_url":"https:\/\/i0.wp.com\/www.blogaroundsound.de\/wp-content\/uploads\/2025\/07\/max-neissendorfer-rechte-neue-jazzschool-muenchen-sw-100_h-558_v-img__16__9__xl_w-994_-e1d284d92729d9396a907e303225e0f2d9fa53b4-1.jpg?fit=994%2C558&ssl=1","jetpack_shortlink":"https:\/\/wp.me\/p4Fngw-1GD","jetpack_sharing_enabled":true,"jetpack_likes_enabled":true,"_links":{"self":[{"href":"https:\/\/www.blogaroundsound.de\/index.php?rest_route=\/wp\/v2\/posts\/6487","targetHints":{"allow":["GET"]}}],"collection":[{"href":"https:\/\/www.blogaroundsound.de\/index.php?rest_route=\/wp\/v2\/posts"}],"about":[{"href":"https:\/\/www.blogaroundsound.de\/index.php?rest_route=\/wp\/v2\/types\/post"}],"author":[{"embeddable":true,"href":"https:\/\/www.blogaroundsound.de\/index.php?rest_route=\/wp\/v2\/users\/1"}],"replies":[{"embeddable":true,"href":"https:\/\/www.blogaroundsound.de\/index.php?rest_route=%2Fwp%2Fv2%2Fcomments&post=6487"}],"version-history":[{"count":14,"href":"https:\/\/www.blogaroundsound.de\/index.php?rest_route=\/wp\/v2\/posts\/6487\/revisions"}],"predecessor-version":[{"id":6505,"href":"https:\/\/www.blogaroundsound.de\/index.php?rest_route=\/wp\/v2\/posts\/6487\/revisions\/6505"}],"wp:featuredmedia":[{"embeddable":true,"href":"https:\/\/www.blogaroundsound.de\/index.php?rest_route=\/wp\/v2\/media\/6497"}],"wp:attachment":[{"href":"https:\/\/www.blogaroundsound.de\/index.php?rest_route=%2Fwp%2Fv2%2Fmedia&parent=6487"}],"wp:term":[{"taxonomy":"category","embeddable":true,"href":"https:\/\/www.blogaroundsound.de\/index.php?rest_route=%2Fwp%2Fv2%2Fcategories&post=6487"},{"taxonomy":"post_tag","embeddable":true,"href":"https:\/\/www.blogaroundsound.de\/index.php?rest_route=%2Fwp%2Fv2%2Ftags&post=6487"}],"curies":[{"name":"wp","href":"https:\/\/api.w.org\/{rel}","templated":true}]}}