{"id":962,"date":"2014-06-30T18:00:20","date_gmt":"2014-06-30T16:00:20","guid":{"rendered":"http:\/\/www.blogaroundsound.de\/?p=962"},"modified":"2021-08-01T14:46:24","modified_gmt":"2021-08-01T12:46:24","slug":"jetzt-klatscht-endlich-warum-unsere-kunst-nicht-von-allen-geliebt-wird-und-das-ok-ist-teil-3","status":"publish","type":"post","link":"https:\/\/www.blogaroundsound.de\/?p=962","title":{"rendered":"Jetzt klatscht endlich! Warum deine Kunst nicht von allen geliebt wird \u2013 und das OK ist. (Teil 3\/3)"},"content":{"rendered":"<h3>&nbsp;<\/h3>\n<blockquote>\n<h3>Da geht einem doch das Herz auf. Die Amigos singen f\u00fcr und vor den Augen von Mama Amigo einen Titel, der ihnen aus der Seele spricht. Zuvor hatte Lausbub Andy Borg die Zwei an der Nase herumgef\u00fchrt und zauberte dann diese riesen \u00dcberraschung aus dem Hut, die selbst Bernd zu Tr\u00e4nen ger\u00fchrt hat.<\/h3>\n<p>(Original Info zu diesem Video auf YouTube)<\/p><\/blockquote>\n<p>Du&nbsp;bist ja noch da. Tapfer.<\/p>\n<p>Ja, also das w\u00e4re jetzt nat\u00fcrlich ein gefundenenes Fressen und sehr, sehr einfach f\u00fcr mich&#8230;<\/p>\n<p>Zu einfach.<\/p>\n<p>Deshalb sag ich erst mal lieber nichts.<\/p>\n<p>\u2026<\/p>\n<p>Obwohl, soviel vielleicht doch:<!--more--><\/p>\n<ul>\n<li>Knapp 450.000 Aufrufe f\u00fcr diesen Amigo-Song auf&nbsp;Youtube (und dank euch und mir&nbsp;jetzt sogar noch ein paar mehr)<\/li>\n<li>Echo 2011&nbsp;<span style=\"color: #252525;\">in der Kategorie \u201eK\u00fcnstler\/K\u00fcnstlerin\/Gruppe Volkst\u00fcmliche Musik\u201c<\/span><\/li>\n<li>&#8220;Erfolgreichstes Schlager-Duo&#8221; 2011, 2012, 2013<\/li>\n<li>3.000.000 (3 Millionen) verkaufte Tontr\u00e4ger,<\/li>\n<\/ul>\n<p>und die meisten davon sicher von Leuten erstanden, die ihre <em>wahre Freude<\/em> daran haben.<\/p>\n<p>Kann an <em>wahrer<\/em> Freude&nbsp;etwas <em>falsch<\/em> sein?<\/p>\n<p>Warte&#8230;<\/p>\n<p>Bevor du&nbsp;Luft holst, lassen wir zuerst die Amigos sprechen.<\/p>\n<p>Immerhin&nbsp;sagen&nbsp;sie das hier:<\/p>\n<blockquote><p><span style=\"color: #222222;\">\u201eEs gibt diese schrecklichen Beschimpfungen in unserem G\u00e4stebuch. Wer unsere Musik nicht mag, wem die zuwider ist \u2013 warum, um Gottes Willen, besch\u00e4ftigt er sich mit uns? Ich gehe doch auch nicht auf die Internetseite von Ozzy Osbourne und hinterlasse da dreckige Kommentare. Jeder hat erst einmal Respekt verdient. So halten wir es jedenfalls.\u201c<\/span><\/p><\/blockquote>\n<p>Hm, kann ich nachvollziehen. Den Gedankengang. Und die Beschimpfungen.<\/p>\n<h3>Nebel des Grauens<\/h3>\n<p>Was, wenn Florian Silbereisen, Carmen Nebel, Andy &#8220;Lausbub&#8221; Borg und Co TV-Formate wie den &#8220;Mutantenstadel&#8221; und &#8220;Die gro\u00dfe Pest der Volksmusik&#8221; in Millionen heimische Wohnzimmer verbreiten, w\u00e4hrend sich bei deinem eigenen Konzert, zu dessen Akquise l\u00e4cherliche 63 Telefonate \u00fcber einen Zeitraum von 36 Monaten n\u00f6tig waren, ein mal wieder&nbsp;<i>extrem<\/i>&nbsp;handverlesener Kreis von 19 Live-Jazz-Enthusiasten eingefunden hat (davon 10 zahlende, der Rest steht in einem f\u00fcr den Laien nicht nachzuvollziehenden Verh\u00e4ltnis zum Vorsitzenden des \u00f6rtlichen Jazzvereins oder seiner Frau)?<\/p>\n<p>Alles wohlgemerkt, nachdem du Jahre Deines Lebens in der den Charme einer&nbsp;St.-Pauli-Fan-Zug-Toilette nach einem verlorenen Relegationsspiel verspr\u00fchenden, schall- und leider auch luftdichten \u00dcbekabine das Omnibook von Charlie Parker auswendig gelernt hast.<\/p>\n<p>&#8220;Ja, eben, das ist doch total ungerecht!&#8221;<\/p>\n<p>Yep.<\/p>\n<p>&#8220;Und diese Typen, die in den Sendungen auftreten, das sind doch alles keine K\u00fcnstler!&#8221;<\/p>\n<p>Wow, wie hast du das erraten?<\/p>\n<p>&#8220;Also, bei so einem Schei\u00df w\u00fcrde ich nie im Leben mit machen, nee, echt, boah ey&#8230;!&#8221;<\/p>\n<p>Keine Angst, niemand wird dich fragen.<\/p>\n<p>&#8220;Man muss den Leuten, die da im Publikum sitzen, doch klar machen, dass sie total verarscht werden!&#8221;<\/p>\n<p>N\u00f6.<\/p>\n<p>&#8220;Aber unsere Musik ist doch viel wertvoller!&#8221;<\/p>\n<p>Nicht f\u00fcr diese Leute.<\/p>\n<p>&#8220;Aaaarrghh!!!&#8221;<\/p>\n<p>Meinetwegen. Und jetzt h\u00f6r zu (und danach ab in die \u00dcbekabine!):<\/p>\n<p>Im Jazzclub Unterfahrt in M\u00fcnchen werden sich eher Menschen zusammen finden, die die Sprache &#8220;Jazz&#8221; verstehen (wenn&#8217;s gut l\u00e4uft, befinden sich sogar ein paar, die sie&nbsp;<i>sprechen<\/i>&nbsp;auf der B\u00fchne).<\/p>\n<p>Andere erreicht die Sprache von Andr\u00e9 Rieu in der Olympiahalle.<\/p>\n<p>&#8220;Igittigitt&#8221;, schon klar, aber:<\/p>\n<p>Ist die Freude des Olympiahallenbesuchers an den Darbietungen des Popul\u00e4r-Geigers (nicht die Darbietungen selbst) qualitativ eine andere als die Freude eines Jazzfans an einem&nbsp;<span style=\"color: #808000;\">John Scofield<\/span>-Solo?<\/p>\n<p>Haben wir irgend ein Recht, jemandem&nbsp;<i>seine<\/i>&nbsp;Freude an&nbsp;<i>seiner&nbsp;<\/i>Musik madig zu machen, welche auch immer das sein mag?<\/p>\n<p>Gibt es &#8220;Premium Qualit\u00e4tsfreude&#8221; und minderwertige &#8220;B-Freude&#8221;? (OK, da f\u00e4llt mir h\u00f6chstens die Schadenfreude ein; die f\u00fchlt sich aber auch nicht wie pures, reines Gl\u00fcck \u00fcber etwas f\u00fcr uns Wundersch\u00f6nes an, weil sich immer auch ein Brocken schlechtes Gewissen mit hinein mischt &#8211; tja, sollte es zumindest&#8230;).<\/p>\n<p>Brauchen wir Jazz-Nerds nicht Jahre der intensiven Auseinandersetzung mit &#8220;unserer&#8221; Sprache, bevor wir beginnen, sie zu verstehen oder als Musiker sogar zu sprechen, und ist das nicht ein lebenslanger Prozess?<\/p>\n<p>Und, mal ganz ehrlich, ein bisschen verr\u00fcckt sind wir schon, oder? Auf jeden Fall aber nicht normal (gut so!).<\/p>\n<p>Ist es verwerflich, dieses Zeit-Investment f\u00fcr eine sehr spezielle Sache zu scheuen oder schlichtweg andere Interessen zu haben?<\/p>\n<p>Meine Mutter zum Beispiel ist Jahrgang 1931, ihre musikalische Sozialisation w\u00e4hrend des 3. Reiches (hat da jemand &#8220;Jazz&#8221; gesagt?) bestand aus klassischem Klavierunterricht und dem Bremer Domchor.<\/p>\n<p>Da ist es doch v\u00f6llig klar, dass sie der Sprache des Herren Rieu, die ja eine Klassik-Pop-Version der Sprache Bachs, Mozarts, Beethovens, Schumanns (auch einer&nbsp;<i>meiner<\/i>&nbsp;Favoriten) etc. ist, n\u00e4her steht als dem 17. Chorus&nbsp;<span style=\"color: #808000;\">John Coltranes<\/span>&nbsp;\u00fcber&nbsp;<span style=\"color: #808000;\">Giant Steps&nbsp;<\/span>(&#8220;Gegniedel&#8221;).<\/p>\n<p>Und trotzdem hat sie mich Jazz studieren lassen (Danke, Mama! &#8211; &#8230;und Papa nat\u00fcrlich auch!) und ist eine der gro\u00dfherzigsten, auf ihre Art seelenvollsten Menschen, die ich kenne.<\/p>\n<p>Oder so:<\/p>\n<p>Einige haben eine Tageszeitung wie die ZEIT abonniert und schauen im Fernsehen am liebsten philosophische Diskussionssendungen auf Sendepl\u00e4tzen nach&nbsp;23:45, verstehen deren Sprache und f\u00fchlen sich pudelwohl damit (alles \u00fcberaus wertvolle Menschen, klar), andere steigen da aus und f\u00fchlen sich aufgehobener beim sprachlichen und optischen Duktus der BILD-Zeitung und des Dschungelcamps (alles Vollpfosten, oder?), wieder andere lesen die S\u00dcDDEUTSCHE und lieben alte, sch\u00f6n schmalzige&nbsp;<span style=\"color: #808000;\">Burt Bacharach-Songs<\/span>&nbsp;(das w\u00e4re dann ich &#8211; ein wertvoller Vollpfosten, sozusagen).<\/p>\n<p>Sage mir, welche Musik du h\u00f6rst, was du liest, welches Auto du f\u00e4hrst, was du isst, wen du w\u00e4hlst, wie du deine Freizeit verbringst, wo du einkaufst\u2026<br \/>\nund ich sage dir, was du mich kannst.<\/p>\n<p>Jeder tr\u00e4gt sein B\u00fcndel an Klischees f\u00fcr das n\u00e4chste Instant-Urteil \u00fcber seine Mitmenschen und sich selber (!) mit sich herum, da geht&#8217;s mir genau wie allen anderen, denn unser Ego braucht Abgrenzung, um zu \u00fcberleben.<\/p>\n<p>Sie ist ein menschlicher Reflex. Und dieser Reflex ist nicht immer zielf\u00fchrend.<\/p>\n<p>Allerdings hast du die Wahl:<\/p>\n<p>Du kannst ihm blind folgen und der destruktiven Nervens\u00e4ge in dir das Feld \u00fcberlassen oder dir der Tatsache ihrer Existenz bewusst sein und damit den Bann brechen.<\/p>\n<h3>Und dann?<\/h3>\n<p>Dann klopfst du&nbsp;deinem Ego-Qu\u00e4lgeist liebevoll auf die Schulter und&#8230;<\/p>\n<p>\u2026e<i>ntspannst<\/i>.<\/p>\n<p>Und machst mit Dingen weiter, die&nbsp;<em>dir<\/em><i>&nbsp;wichtig<\/i>&nbsp;sind, weil sie&nbsp;<i>wichtig f\u00fcr dich<\/i>&nbsp;sind, und das deshalb, weil sie&nbsp;<em>dich<\/em><i>&nbsp;gl\u00fccklich<\/i>&nbsp;machen (das ist die wahre Kunst, ein Egoist zu sein)!<\/p>\n<p>Diese &#8211; und nur diese! &#8211; Dinge haben das Potential, Andere in ihrer Seele zu ber\u00fchren.<\/p>\n<p>Anstatt deine&nbsp;Energie also voller Groll, Menschenhass und Weltschmerz mit fruchtlosen Grabenk\u00e4mpfen, Positionsbestimmungen und Rechtfertigungen zu vergeuden, solltest du sie im k\u00fcnstlerischen Segment deines&nbsp;Lebens (das ja nicht immer deckungsgleich mit dem Broterwerbs-Segment ist) endlich ausschlie\u00dflich f\u00fcr deinen&nbsp;einzigen und wahrhaften Auftrag einsetzen:<\/p>\n<p>Kunst &#8220;zur Welt&#8221; zu bringen!<\/p>\n<p>Und das im doppelten Wortsinn, sie also einerseits zu&nbsp;<i>erschaffen<\/i>&nbsp;und dann aber auch so oft es geht den Leuten&nbsp;<i>vorzuf\u00fchren.&nbsp;<\/i>Als Angebot.&nbsp;Das ist schon alles.<\/p>\n<p>Und das ist wahnsinnig viel!<\/p>\n<p>Hey, in der \u00dcbekabine liegt noch das aufgeschlagene Omnibook.<\/p>\n<p>Und, gib&#8217;s zu, im Flow beim Konzert neulich hast du nicht an Akquise, Zuschauerzahlen und die Gagenabrechnung gedacht, sondern nur: &#8220;M u s i k !&#8221;<\/p>\n<p>Auf dem Weg nach Hause und vielleicht auch am n\u00e4chsten Morgen war da dann noch so ein erf\u00fcllendes, warmes Gef\u00fchl:<\/p>\n<p>Seelenruhe.<\/p>\n<p>Nicht mehr und nicht weniger.<\/p>\n<p>Und wei\u00dft du eigentlich, dass dich von den 19 Zuh\u00f6rern, die da waren, 15 verstanden haben und ihnen deine Kreativit\u00e4t, ja, tats\u00e4chlich:<br \/>\n<i>Freude&nbsp;<\/i>bereitet hat?<\/p>\n<p>Mission accomplished.<\/p>\n<hr>\n<p><span class=\"embed-youtube\" style=\"text-align:center; display: block;\"><iframe loading=\"lazy\" class=\"youtube-player\" width=\"1100\" height=\"619\" src=\"https:\/\/www.youtube.com\/embed\/2kotK9FNEYU?version=3&#038;rel=1&#038;showsearch=0&#038;showinfo=1&#038;iv_load_policy=1&#038;fs=1&#038;hl=de-DE&#038;autohide=2&#038;wmode=transparent\" allowfullscreen=\"true\" style=\"border:0;\" sandbox=\"allow-scripts allow-same-origin allow-popups allow-presentation allow-popups-to-escape-sandbox\"><\/iframe><\/span><\/p>\n<p><span class=\"embed-youtube\" style=\"text-align:center; display: block;\"><iframe loading=\"lazy\" class=\"youtube-player\" width=\"1100\" height=\"619\" src=\"https:\/\/www.youtube.com\/embed\/glpIgnmKrZc?version=3&#038;rel=1&#038;showsearch=0&#038;showinfo=1&#038;iv_load_policy=1&#038;fs=1&#038;hl=de-DE&#038;autohide=2&#038;wmode=transparent\" allowfullscreen=\"true\" style=\"border:0;\" sandbox=\"allow-scripts allow-same-origin allow-popups allow-presentation allow-popups-to-escape-sandbox\"><\/iframe><\/span><\/p>\n<p><span class=\"embed-youtube\" style=\"text-align:center; display: block;\"><iframe loading=\"lazy\" class=\"youtube-player\" width=\"1100\" height=\"619\" src=\"https:\/\/www.youtube.com\/embed\/zV6y1f7CU-A?version=3&#038;rel=1&#038;showsearch=0&#038;showinfo=1&#038;iv_load_policy=1&#038;fs=1&#038;hl=de-DE&#038;autohide=2&#038;wmode=transparent\" allowfullscreen=\"true\" style=\"border:0;\" sandbox=\"allow-scripts allow-same-origin allow-popups allow-presentation allow-popups-to-escape-sandbox\"><\/iframe><\/span><\/p>\n<p>&nbsp;<\/p>\n","protected":false},"excerpt":{"rendered":"<p>&nbsp; Da geht einem doch das Herz auf. Die Amigos singen f\u00fcr und vor den Augen von Mama Amigo einen Titel, der ihnen aus der Seele spricht. Zuvor hatte Lausbub Andy Borg die Zwei an der Nase herumgef\u00fchrt und zauberte dann diese riesen \u00dcberraschung aus dem Hut, die selbst Bernd zu Tr\u00e4nen ger\u00fchrt hat. (Original Info zu diesem Video auf YouTube) Du&nbsp;bist ja noch da. Tapfer. Ja, also das w\u00e4re jetzt nat\u00fcrlich ein gefundenenes Fressen und sehr, sehr einfach f\u00fcr mich&#8230; Zu einfach. Deshalb sag ich erst mal lieber nichts. \u2026 Obwohl, soviel vielleicht doch:<\/p>\n","protected":false},"author":1,"featured_media":0,"comment_status":"open","ping_status":"open","sticky":false,"template":"","format":"standard","meta":{"ngg_post_thumbnail":0,"jetpack_post_was_ever_published":false,"_jetpack_newsletter_access":"","_jetpack_dont_email_post_to_subs":false,"_jetpack_newsletter_tier_id":0,"_jetpack_memberships_contains_paywalled_content":false,"_jetpack_memberships_contains_paid_content":false,"footnotes":"","jetpack_publicize_message":"","jetpack_publicize_feature_enabled":true,"jetpack_social_post_already_shared":true,"jetpack_social_options":{"image_generator_settings":{"template":"highway","default_image_id":0,"font":"","enabled":false},"version":2}},"categories":[6],"tags":[],"class_list":["post-962","post","type-post","status-publish","format-standard","hentry","category-blogartikel"],"jetpack_publicize_connections":[],"jetpack_featured_media_url":"","jetpack_shortlink":"https:\/\/wp.me\/p4Fngw-fw","jetpack_sharing_enabled":true,"jetpack_likes_enabled":true,"_links":{"self":[{"href":"https:\/\/www.blogaroundsound.de\/index.php?rest_route=\/wp\/v2\/posts\/962","targetHints":{"allow":["GET"]}}],"collection":[{"href":"https:\/\/www.blogaroundsound.de\/index.php?rest_route=\/wp\/v2\/posts"}],"about":[{"href":"https:\/\/www.blogaroundsound.de\/index.php?rest_route=\/wp\/v2\/types\/post"}],"author":[{"embeddable":true,"href":"https:\/\/www.blogaroundsound.de\/index.php?rest_route=\/wp\/v2\/users\/1"}],"replies":[{"embeddable":true,"href":"https:\/\/www.blogaroundsound.de\/index.php?rest_route=%2Fwp%2Fv2%2Fcomments&post=962"}],"version-history":[{"count":48,"href":"https:\/\/www.blogaroundsound.de\/index.php?rest_route=\/wp\/v2\/posts\/962\/revisions"}],"predecessor-version":[{"id":4532,"href":"https:\/\/www.blogaroundsound.de\/index.php?rest_route=\/wp\/v2\/posts\/962\/revisions\/4532"}],"wp:attachment":[{"href":"https:\/\/www.blogaroundsound.de\/index.php?rest_route=%2Fwp%2Fv2%2Fmedia&parent=962"}],"wp:term":[{"taxonomy":"category","embeddable":true,"href":"https:\/\/www.blogaroundsound.de\/index.php?rest_route=%2Fwp%2Fv2%2Fcategories&post=962"},{"taxonomy":"post_tag","embeddable":true,"href":"https:\/\/www.blogaroundsound.de\/index.php?rest_route=%2Fwp%2Fv2%2Ftags&post=962"}],"curies":[{"name":"wp","href":"https:\/\/api.w.org\/{rel}","templated":true}]}}